{"id":4974,"date":"2014-09-24T20:34:02","date_gmt":"2014-09-24T23:34:02","guid":{"rendered":"https:\/\/csem.org.br\/2014\/09\/24\/por-uma-compreensao-mais-ampla-das-migracoes-forcadas\/"},"modified":"2024-03-09T13:17:01","modified_gmt":"2024-03-09T16:17:01","slug":"por-uma-compreensao-mais-ampla-das-migracoes-forcadas","status":"publish","type":"post","link":"https:\/\/www.csem.org.br\/pt_br\/por-uma-compreensao-mais-ampla-das-migracoes-forcadas\/","title":{"rendered":"Por uma compreens\u00e3o mais ampla das migra\u00e7\u00f5es for\u00e7adas"},"content":{"rendered":"<p style=\"text-align: justify;\"><img decoding=\"async\" src=\"http:\/\/www.csem.org.br\/images\/idioma\/idi_bra.gif\" alt=\"\" title=\"\">&nbsp;&#8220;Por uma compreens\u00e3o mais ampla das migra\u00e7\u00f5es for\u00e7adas&#8221; &#8211; &nbsp;Por<em>&nbsp;Tu\u00edla Botega<\/em><\/p>\n<p>  <!--more-->  <\/p>\n<p style=\"text-align: justify;\"><em>&#8220;Por uma compreens\u00e3o mais ampla das migra\u00e7\u00f5es for\u00e7adas&#8221; &#8211;<\/em><em>&nbsp;Resenha n\u00b0 96 &#8211; 3\u00b0 trimestre de 2014 -Tu\u00edla Botega<\/em><em><br \/><\/em><\/p>\n<p style=\"text-align: justify;\">A mobilidade humana no atual contexto de globaliza\u00e7\u00e3o, especialmente no que se refere \u00e0 migra\u00e7\u00e3o internacional, \u00e9 marcada por uma maior diversifica\u00e7\u00e3o dos fluxos e dos tipos de migrantes (migrantes laborais, qualificados ou n\u00e3o, estudantes, solicitantes de ref\u00fagio e refugiados). Tudo isso configura um quadro complexo e de m\u00faltiplas vari\u00e1veis \u2013 sociais, culturais, psicol\u00f3gicas, econ\u00f4micas, jur\u00eddicas, etc. \u2013 que fica evidente quando analisamos as <em>migra\u00e7\u00f5es for\u00e7adas.<\/em><\/p>\n<p style=\"text-align: justify;\">Realidades como os conflitos na S\u00edria, Iraque e \u00c1frica, as crian\u00e7as migrantes na Am\u00e9rica Central, a chegada de migrantes haitianos e refugiados africanos no Brasil, entre outros evidenciam situa\u00e7\u00f5es de vulnerabilidade \u00e0s quais os migrantes for\u00e7ados ficam expostos e tamb\u00e9m ressaltam o risco de se cair em falsas redes de prote\u00e7\u00e3o, o que pode levar a graves situa\u00e7\u00f5es de explora\u00e7\u00e3o.<\/p>\n<p style=\"text-align: justify;\"><a href=\"http:\/\/www.csem.org.br\/images\/Por_uma_compreens\u00e3o_mais_ampla_das_migra\u00e7\u00f5es_for\u00e7adas.pdf\" target=\"_blank\" rel=\"noopener\">Clique aqui para ler o artigo completo<\/a>&nbsp;<\/p>\n<p><a href=\"http:\/\/www.csem.org.br\/images\/downloads\/resenhas\/Resenha_n__96_-_Setembro_2014.pdf\">Clique aqui para acessar \u00e0 Resenha completa<\/a><\/p>\n<p style=\"text-align: justify;\"><em>&nbsp;<\/em>&nbsp;<\/p>\n","protected":false},"excerpt":{"rendered":"<p>&nbsp;&#8220;Por uma compreens\u00e3o mais ampla das migra\u00e7\u00f5es for\u00e7adas&#8221; &#8211; &nbsp;Por&nbsp;Tu\u00edla Botega<\/p>\n","protected":false},"author":2,"featured_media":0,"comment_status":"closed","ping_status":"closed","sticky":false,"template":"","format":"standard","meta":{"_acf_changed":false,"footnotes":""},"categories":[7],"tags":[],"class_list":["post-4974","post","type-post","status-publish","format-standard","hentry","category-artigos"],"acf":[],"_links":{"self":[{"href":"https:\/\/www.csem.org.br\/pt_br\/wp-json\/wp\/v2\/posts\/4974","targetHints":{"allow":["GET"]}}],"collection":[{"href":"https:\/\/www.csem.org.br\/pt_br\/wp-json\/wp\/v2\/posts"}],"about":[{"href":"https:\/\/www.csem.org.br\/pt_br\/wp-json\/wp\/v2\/types\/post"}],"author":[{"embeddable":true,"href":"https:\/\/www.csem.org.br\/pt_br\/wp-json\/wp\/v2\/users\/2"}],"replies":[{"embeddable":true,"href":"https:\/\/www.csem.org.br\/pt_br\/wp-json\/wp\/v2\/comments?post=4974"}],"version-history":[{"count":0,"href":"https:\/\/www.csem.org.br\/pt_br\/wp-json\/wp\/v2\/posts\/4974\/revisions"}],"wp:attachment":[{"href":"https:\/\/www.csem.org.br\/pt_br\/wp-json\/wp\/v2\/media?parent=4974"}],"wp:term":[{"taxonomy":"category","embeddable":true,"href":"https:\/\/www.csem.org.br\/pt_br\/wp-json\/wp\/v2\/categories?post=4974"},{"taxonomy":"post_tag","embeddable":true,"href":"https:\/\/www.csem.org.br\/pt_br\/wp-json\/wp\/v2\/tags?post=4974"}],"curies":[{"name":"wp","href":"https:\/\/api.w.org\/{rel}","templated":true}]}}